{"id":3641,"date":"2020-06-20T12:52:57","date_gmt":"2020-06-20T16:52:57","guid":{"rendered":"https:\/\/profsenligne.net\/?p=3641"},"modified":"2020-06-22T17:10:30","modified_gmt":"2020-06-22T21:10:30","slug":"fete-des-peres-ce-dimanche","status":"publish","type":"post","link":"https:\/\/profsenligne.net\/index.php\/2020\/06\/20\/fete-des-peres-ce-dimanche\/","title":{"rendered":"F\u00eate des p\u00e8res ce dimanche"},"content":{"rendered":"\n<p><strong>Ce dimanche 21 juin, c\u2019est la f\u00eate des p\u00e8res en France. Repas de famille, cartes, dessins, cadeaux&#8230; autant de petites attentions qui vont faire le bonheur de tous les papas. Mais d\u2019o\u00f9 cette f\u00eate tient-elle son origine ?<\/strong><\/p>\n\n\n\n<p><\/p>\n\n\n\n<p>La f\u00eate des p\u00e8res est une f\u00eate c\u00e9l\u00e9br\u00e9e chaque ann\u00e9e le troisi\u00e8me dimanche du mois de juin en France, en l\u2019honneur des papas. Si elle s\u2019est d\u00e9mocratis\u00e9e au fil des ann\u00e9es, la f\u00eate des p\u00e8res est l\u00e9g\u00e8rement&nbsp;<a href=\"https:\/\/www.europe1.fr\/societe\/fete-des-peres-pourquoi-ce-desamour-2775488\" target=\"_blank\" rel=\"noreferrer noopener\">moins populaire<\/a>&nbsp;que la f\u00eate des m\u00e8res.<\/p>\n\n\n\n<p>En France, la f\u00eate des p\u00e8res \u00e9tait c\u00e9l\u00e9br\u00e9e d\u00e8s le Moyen-\u00c2ge, au XVe si\u00e8cle. Dans les pays catholiques comme l\u2019\u00e9tait la France \u00e0 cette \u00e9poque, les patriarches \u00e9taient f\u00eat\u00e9s le 19 mars, date de la&nbsp;<a href=\"https:\/\/eglise.catholique.fr\/approfondir-sa-foi\/temoigner\/figures-de-saintete\/369782-saint-joseph-le-pere-adoptif-de-jesus\/\" target=\"_blank\" rel=\"noreferrer noopener\">Saint-Joseph, p\u00e8re adoptif de Jesus<\/a>. Mais avec la&nbsp;<a href=\"https:\/\/www.histoire-pour-tous.fr\/histoire-de-france\/3403-la-loi-de-separation-des-eglises-et-de-letat-1905.html\" target=\"_blank\" rel=\"noreferrer noopener\">loi de 1905 sur la s\u00e9paration de l\u2019Eglise et de l\u2019\u00c9tat<\/a>&nbsp;au d\u00e9but du XXe si\u00e8cle, le caract\u00e8re religieux de la c\u00e9l\u00e9bration dispara\u00eet.<\/p>\n\n\n\n<p><strong>Une entreprise de briquet la relance<\/strong><\/p>\n\n\n\n<p>Ce n\u2019est qu\u2019en 1950 qu\u2019une entreprise de briquet nomm\u00e9e Flaminaire d\u00e9cide, dans un but commercial, de raviver la flamme de cette tradition qui s\u2019est perdue peu \u00e0 peu. Pour booster ses ventes, le directeur de cette c\u00e9l\u00e8bre entreprise bretonne de vente de briquets \u00e0 gaz a l\u2019id\u00e9e de lancer la mode de la f\u00eate des p\u00e8res. Il cr\u00e9e alors le slogan : \u201cNos papas nous l\u2019ont dit, pour la f\u00eate des p\u00e8res, ils d\u00e9sirent tous un Flaminaire\u201d et choisit pour date le troisi\u00e8me dimanche de juin, comme les am\u00e9ricains qui la c\u00e9l\u00e8brent depuis 1910. Son id\u00e9e remporte un franc succ\u00e8s et la f\u00eate des p\u00e8res est officialis\u00e9e par un d\u00e9cret en 1952, deux ans apr\u00e8s celui de la f\u00eate des m\u00e8res. Mais contrairement \u00e0 le f\u00eate des m\u00e8res, la f\u00eate des p\u00e8res n\u2019est pas inscrite dans le&nbsp;<a href=\"https:\/\/www.legifrance.gouv.fr\/affichCodeArticle.do?idArticle=LEGIARTI000006905391&amp;cidTexte=LEGITEXT000006074069\" target=\"_blank\" rel=\"noreferrer noopener\">Code de l\u2019action sociale et des familles<\/a>.<\/p>\n\n\n\n<p><em>Article tir\u00e9 de Yahoo actualit\u00e9s<\/em><\/p>\n","protected":false},"excerpt":{"rendered":"<p>Ce dimanche 21 juin, c\u2019est la f\u00eate des p\u00e8res en France. Repas de famille, cartes, dessins, cadeaux&#8230; autant de petites attentions qui vont faire le bonheur de tous les papas. Mais d\u2019o\u00f9 cette f\u00eate tient-elle son origine ? La f\u00eate des p\u00e8res est une f\u00eate c\u00e9l\u00e9br\u00e9e chaque ann\u00e9e le troisi\u00e8me dimanche du mois de juin &hellip; <\/p>\n<p class=\"link-more\"><a href=\"https:\/\/profsenligne.net\/index.php\/2020\/06\/20\/fete-des-peres-ce-dimanche\/\" class=\"more-link\">Continue reading<span class=\"screen-reader-text\"> &#8220;F\u00eate des p\u00e8res ce dimanche&#8221;<\/span><\/a><\/p>\n","protected":false},"author":2,"featured_media":0,"comment_status":"open","ping_status":"open","sticky":false,"template":"","format":"standard","meta":{"footnotes":""},"categories":[6,9],"tags":[],"views":1102,"_links":{"self":[{"href":"https:\/\/profsenligne.net\/index.php\/wp-json\/wp\/v2\/posts\/3641"}],"collection":[{"href":"https:\/\/profsenligne.net\/index.php\/wp-json\/wp\/v2\/posts"}],"about":[{"href":"https:\/\/profsenligne.net\/index.php\/wp-json\/wp\/v2\/types\/post"}],"author":[{"embeddable":true,"href":"https:\/\/profsenligne.net\/index.php\/wp-json\/wp\/v2\/users\/2"}],"replies":[{"embeddable":true,"href":"https:\/\/profsenligne.net\/index.php\/wp-json\/wp\/v2\/comments?post=3641"}],"version-history":[{"count":3,"href":"https:\/\/profsenligne.net\/index.php\/wp-json\/wp\/v2\/posts\/3641\/revisions"}],"predecessor-version":[{"id":3644,"href":"https:\/\/profsenligne.net\/index.php\/wp-json\/wp\/v2\/posts\/3641\/revisions\/3644"}],"wp:attachment":[{"href":"https:\/\/profsenligne.net\/index.php\/wp-json\/wp\/v2\/media?parent=3641"}],"wp:term":[{"taxonomy":"category","embeddable":true,"href":"https:\/\/profsenligne.net\/index.php\/wp-json\/wp\/v2\/categories?post=3641"},{"taxonomy":"post_tag","embeddable":true,"href":"https:\/\/profsenligne.net\/index.php\/wp-json\/wp\/v2\/tags?post=3641"}],"curies":[{"name":"wp","href":"https:\/\/api.w.org\/{rel}","templated":true}]}}