{"id":3166,"date":"2020-05-23T21:32:56","date_gmt":"2020-05-24T01:32:56","guid":{"rendered":"https:\/\/profsenligne.net\/?p=3166"},"modified":"2020-06-01T19:20:30","modified_gmt":"2020-06-01T23:20:30","slug":"une-emission-televisee-sur-lautisme","status":"publish","type":"post","link":"https:\/\/profsenligne.net\/index.php\/2020\/05\/23\/une-emission-televisee-sur-lautisme\/","title":{"rendered":"Une \u00e9mission t\u00e9l\u00e9vis\u00e9e sur l&#8217;autisme"},"content":{"rendered":"\n<p>Rendez-vous dans la rubrique &#8220;Enseignants sp\u00e9cialis\u00e9s \/ RASED\/ Ma\u00eetres E, G &amp; psychologues&#8221; pour plus d&#8217;informations.<\/p>\n","protected":false},"excerpt":{"rendered":"<p>Rendez-vous dans la rubrique &#8220;Enseignants sp\u00e9cialis\u00e9s \/ RASED\/ Ma\u00eetres E, G &amp; psychologues&#8221; pour plus d&#8217;informations.<\/p>\n","protected":false},"author":2,"featured_media":0,"comment_status":"open","ping_status":"open","sticky":false,"template":"","format":"standard","meta":{"footnotes":""},"categories":[2,9,8],"tags":[],"views":916,"_links":{"self":[{"href":"https:\/\/profsenligne.net\/index.php\/wp-json\/wp\/v2\/posts\/3166"}],"collection":[{"href":"https:\/\/profsenligne.net\/index.php\/wp-json\/wp\/v2\/posts"}],"about":[{"href":"https:\/\/profsenligne.net\/index.php\/wp-json\/wp\/v2\/types\/post"}],"author":[{"embeddable":true,"href":"https:\/\/profsenligne.net\/index.php\/wp-json\/wp\/v2\/users\/2"}],"replies":[{"embeddable":true,"href":"https:\/\/profsenligne.net\/index.php\/wp-json\/wp\/v2\/comments?post=3166"}],"version-history":[{"count":3,"href":"https:\/\/profsenligne.net\/index.php\/wp-json\/wp\/v2\/posts\/3166\/revisions"}],"predecessor-version":[{"id":3169,"href":"https:\/\/profsenligne.net\/index.php\/wp-json\/wp\/v2\/posts\/3166\/revisions\/3169"}],"wp:attachment":[{"href":"https:\/\/profsenligne.net\/index.php\/wp-json\/wp\/v2\/media?parent=3166"}],"wp:term":[{"taxonomy":"category","embeddable":true,"href":"https:\/\/profsenligne.net\/index.php\/wp-json\/wp\/v2\/categories?post=3166"},{"taxonomy":"post_tag","embeddable":true,"href":"https:\/\/profsenligne.net\/index.php\/wp-json\/wp\/v2\/tags?post=3166"}],"curies":[{"name":"wp","href":"https:\/\/api.w.org\/{rel}","templated":true}]}}