{"id":1786,"date":"2020-04-07T17:05:52","date_gmt":"2020-04-07T21:05:52","guid":{"rendered":"https:\/\/profsenligne.net\/?p=1786"},"modified":"2020-04-14T11:37:34","modified_gmt":"2020-04-14T15:37:34","slug":"ressources-eduscol","status":"publish","type":"post","link":"https:\/\/profsenligne.net\/index.php\/2020\/04\/07\/ressources-eduscol\/","title":{"rendered":"Ressources Eduscol"},"content":{"rendered":"\n<div class=\"wp-block-buttons is-layout-flex wp-block-buttons-is-layout-flex\">\n<div class=\"wp-block-button\"><a class=\"wp-block-button__link has-text-color has-very-light-gray-color has-background has-luminous-vivid-orange-background-color\" href=\"https:\/\/eduscol.education.fr\/cid150809\/continuite-pedagogique-pour-les-eleves-a-besoins-educatifs-particuliers.html\">\u00c9l\u00e8ves \u00e0 besoins particuliers<\/a><\/div>\n<\/div>\n\n\n\n<hr class=\"wp-block-separator\"\/>\n","protected":false},"excerpt":{"rendered":"","protected":false},"author":2,"featured_media":0,"comment_status":"open","ping_status":"open","sticky":false,"template":"","format":"standard","meta":{"footnotes":""},"categories":[2],"tags":[],"views":839,"_links":{"self":[{"href":"https:\/\/profsenligne.net\/index.php\/wp-json\/wp\/v2\/posts\/1786"}],"collection":[{"href":"https:\/\/profsenligne.net\/index.php\/wp-json\/wp\/v2\/posts"}],"about":[{"href":"https:\/\/profsenligne.net\/index.php\/wp-json\/wp\/v2\/types\/post"}],"author":[{"embeddable":true,"href":"https:\/\/profsenligne.net\/index.php\/wp-json\/wp\/v2\/users\/2"}],"replies":[{"embeddable":true,"href":"https:\/\/profsenligne.net\/index.php\/wp-json\/wp\/v2\/comments?post=1786"}],"version-history":[{"count":1,"href":"https:\/\/profsenligne.net\/index.php\/wp-json\/wp\/v2\/posts\/1786\/revisions"}],"predecessor-version":[{"id":1787,"href":"https:\/\/profsenligne.net\/index.php\/wp-json\/wp\/v2\/posts\/1786\/revisions\/1787"}],"wp:attachment":[{"href":"https:\/\/profsenligne.net\/index.php\/wp-json\/wp\/v2\/media?parent=1786"}],"wp:term":[{"taxonomy":"category","embeddable":true,"href":"https:\/\/profsenligne.net\/index.php\/wp-json\/wp\/v2\/categories?post=1786"},{"taxonomy":"post_tag","embeddable":true,"href":"https:\/\/profsenligne.net\/index.php\/wp-json\/wp\/v2\/tags?post=1786"}],"curies":[{"name":"wp","href":"https:\/\/api.w.org\/{rel}","templated":true}]}}