{"id":1013,"date":"2020-04-01T06:39:34","date_gmt":"2020-04-01T10:39:34","guid":{"rendered":"http:\/\/profsenligne.free.fr\/?p=1013"},"modified":"2020-04-03T06:56:27","modified_gmt":"2020-04-03T10:56:27","slug":"en-avril-ne-te-decouvre-pas","status":"publish","type":"post","link":"https:\/\/profsenligne.net\/index.php\/2020\/04\/01\/en-avril-ne-te-decouvre-pas\/","title":{"rendered":"En avril, ne te d\u00e9couvre pas&#8230;"},"content":{"rendered":"\n<div class=\"wp-block-buttons is-layout-flex wp-block-buttons-is-layout-flex\">\n<div class=\"wp-block-button\"><a class=\"wp-block-button__link has-text-color has-very-light-gray-color has-background has-vivid-cyan-blue-background-color\" href=\"https:\/\/eduscol.education.fr\/cid150809\/continuite-pedagogique-pour-les-eleves-a-besoins-educatifs-particuliers.html#lien1\">\u00c9l\u00e8ves \u00e0 besoins particuliers<\/a><\/div>\n<\/div>\n\n\n\n<hr class=\"wp-block-separator\"\/>\n","protected":false},"excerpt":{"rendered":"","protected":false},"author":2,"featured_media":0,"comment_status":"open","ping_status":"open","sticky":false,"template":"","format":"standard","meta":{"footnotes":""},"categories":[2],"tags":[],"views":813,"_links":{"self":[{"href":"https:\/\/profsenligne.net\/index.php\/wp-json\/wp\/v2\/posts\/1013"}],"collection":[{"href":"https:\/\/profsenligne.net\/index.php\/wp-json\/wp\/v2\/posts"}],"about":[{"href":"https:\/\/profsenligne.net\/index.php\/wp-json\/wp\/v2\/types\/post"}],"author":[{"embeddable":true,"href":"https:\/\/profsenligne.net\/index.php\/wp-json\/wp\/v2\/users\/2"}],"replies":[{"embeddable":true,"href":"https:\/\/profsenligne.net\/index.php\/wp-json\/wp\/v2\/comments?post=1013"}],"version-history":[{"count":3,"href":"https:\/\/profsenligne.net\/index.php\/wp-json\/wp\/v2\/posts\/1013\/revisions"}],"predecessor-version":[{"id":1388,"href":"https:\/\/profsenligne.net\/index.php\/wp-json\/wp\/v2\/posts\/1013\/revisions\/1388"}],"wp:attachment":[{"href":"https:\/\/profsenligne.net\/index.php\/wp-json\/wp\/v2\/media?parent=1013"}],"wp:term":[{"taxonomy":"category","embeddable":true,"href":"https:\/\/profsenligne.net\/index.php\/wp-json\/wp\/v2\/categories?post=1013"},{"taxonomy":"post_tag","embeddable":true,"href":"https:\/\/profsenligne.net\/index.php\/wp-json\/wp\/v2\/tags?post=1013"}],"curies":[{"name":"wp","href":"https:\/\/api.w.org\/{rel}","templated":true}]}}